{"id":2913,"date":"2026-04-28T14:58:14","date_gmt":"2026-04-28T14:58:14","guid":{"rendered":"https:\/\/www.estudiotrevisan.com\/sitio\/?p=2913"},"modified":"2026-04-28T15:05:19","modified_gmt":"2026-04-28T15:05:19","slug":"anc-designacion-definitiva-de-autoridades","status":"publish","type":"post","link":"https:\/\/www.estudiotrevisan.com\/sitio\/derecho-de-la-competencia\/anc-designacion-definitiva-de-autoridades\/","title":{"rendered":"ANC \u2013 Designaci\u00f3n Definitiva de Autoridades"},"content":{"rendered":"\n<p><\/p>\n\n\n<div class=\"wp-block-image\">\n<figure class=\"aligncenter size-full is-resized\"><img loading=\"lazy\" decoding=\"async\" width=\"200\" height=\"200\" src=\"http:\/\/www.estudiotrevisan.com\/sitio\/wp-content\/uploads\/2026\/04\/ANC.jpeg\" alt=\"\" class=\"wp-image-2907\" style=\"width:141px;height:auto\" srcset=\"https:\/\/www.estudiotrevisan.com\/sitio\/wp-content\/uploads\/2026\/04\/ANC.jpeg 200w, https:\/\/www.estudiotrevisan.com\/sitio\/wp-content\/uploads\/2026\/04\/ANC-150x150.jpeg 150w\" sizes=\"auto, (max-width: 200px) 100vw, 200px\" \/><\/figure>\n<\/div>\n\n\n<p><\/p>\n\n\n\n<p><\/p>\n\n\n\n<p><strong>I. Objeto del decreto<\/strong><\/p>\n\n\n\n<p>El Decreto 284\/2026, firmado el 27 de abril de 2026 por el Presidente Javier Milei y refrendado por el Ministro de Econom\u00eda Luis Andr\u00e9s Caputo, formaliza la designaci\u00f3n definitiva de los cinco miembros titulares de la Autoridad Nacional de la Competencia (ANC), organismo descentralizado y aut\u00e1rquico creado por la Ley de Defensa de la Competencia N.\u00b0 27.442. El decreto pone fin al per\u00edodo de designaciones en comisi\u00f3n iniciado por el Decreto 810\/25 de noviembre de 2025.<\/p>\n\n\n\n<p><strong>II. Marco normativo<\/strong><\/p>\n\n\n\n<p>La medida se sustenta en las siguientes normas:<\/p>\n\n\n\n<ul class=\"wp-block-list\">\n<li>Ley N.\u00b0 27.442 (Ley de Defensa de la Competencia), arts. 19, 20, 21, 23 y 24.<\/li>\n\n\n\n<li>Decreto N.\u00b0 480\/2018 y su modificatorio (reglamentaci\u00f3n de la Ley 27.442).<\/li>\n\n\n\n<li>Decreto N.\u00b0 972\/2018.<\/li>\n\n\n\n<li>Decreto N.\u00b0 810\/2025 (designaciones en comisi\u00f3n).<\/li>\n\n\n\n<li>Resoluciones de la ex Secretar\u00eda de Industria y Comercio N.\u00b0 93\/25, 119\/25 y 291\/25 (proceso concursal).<\/li>\n<\/ul>\n\n\n\n<p><strong>III. Proceso de selecci\u00f3n<\/strong><\/p>\n\n\n\n<p>Conforme lo exige el art. 20 de la Ley 27.442, los integrantes de la ANC deben ser designados previo Concurso P\u00fablico de Antecedentes y Oposici\u00f3n. El proceso se desarroll\u00f3 del siguiente modo:<\/p>\n\n\n\n<ul class=\"wp-block-list\">\n<li>Por Resoluci\u00f3n 93\/25 se inici\u00f3 el proceso de selecci\u00f3n y se constituy\u00f3 el Jurado.<\/li>\n\n\n\n<li>Por Resoluci\u00f3n 291\/25 se aprobaron las ternas de candidatos resultantes del concurso.<\/li>\n\n\n\n<li>La Oficina Anticorrupci\u00f3n se expidi\u00f3 sobre los posibles conflictos de intereses de cada candidato.<\/li>\n\n\n\n<li>Los antecedentes curriculares de los seleccionados fueron publicados en el Bolet\u00edn Oficial y en dos diarios de circulaci\u00f3n nacional, en cumplimiento del art. 21 de la ley.<\/li>\n\n\n\n<li>El H. Senado de la Naci\u00f3n prest\u00f3 el acuerdo requerido por el art. 23 por unanimidad, en sesi\u00f3n del 9 de abril de 2026.<\/li>\n<\/ul>\n\n\n\n<p><strong>IV. Autoridades designadas<\/strong><\/p>\n\n\n\n<p>Los arts. 1\u00b0 a 5\u00b0 del decreto establecen las siguientes designaciones:<\/p>\n\n\n\n<figure class=\"wp-block-table\"><table class=\"has-fixed-layout\"><thead><tr><td><strong>Cargo<\/strong><\/td><td><strong>Titular designado<\/strong><\/td><td><strong>Formaci\u00f3n<\/strong><\/td><\/tr><\/thead><tbody><tr><td>Presidente del Tribunal de Defensa de la Competencia<\/td><td>Eduardo Rodolfo Montamat<\/td><td>Doctor en Derecho y Ciencias Sociales<\/td><\/tr><tr><td>Vocal del Tribunal de Defensa de la Competencia<\/td><td>Lucas Gabriel Trevisani Vespa<\/td><td>Mag\u00edster en Finanzas<\/td><\/tr><tr><td>Vocal del Tribunal de Defensa de la Competencia<\/td><td>Marcelo Rub\u00e9n D\u2019Amore<\/td><td>Mag\u00edster en Disciplinas Bancarias<\/td><\/tr><tr><td>Secretario Instructor de Conductas Anticompetitivas<\/td><td>Ana Julia Parente<\/td><td>Abogada<\/td><\/tr><tr><td>Secretario de Concentraciones Econ\u00f3micas<\/td><td>Germ\u00e1n Augusto Zamorano<\/td><td>Mag\u00edster en Finanzas<\/td><\/tr><\/tbody><\/table><\/figure>\n\n\n\n<p>Todos los designados desempe\u00f1ar\u00e1n sus funciones en el \u00e1mbito de la Secretar\u00eda de Industria, Comercio y de la Peque\u00f1a y Mediana Empresa del Ministerio de Econom\u00eda.<\/p>\n\n\n\n<p><strong>V. Duraci\u00f3n del mandato<\/strong><\/p>\n\n\n\n<p>De conformidad con el art. 24 de la Ley 27.442, cada miembro ejercer\u00e1 sus funciones durante un per\u00edodo de cinco (5) a\u00f1os, cuyo c\u00f3mputo se inicia a partir de la fecha del presente decreto (27 de abril de 2026). Al t\u00e9rmino de ese plazo, los mandatos vencer\u00e1n el 27 de abril de 2031.<\/p>\n\n\n\n<p><strong>VI. Aspectos presupuestarios<\/strong><\/p>\n\n\n\n<p>El art. 6.\u00b0 establece que el gasto que demande el cumplimiento del decreto ser\u00e1 atendido con cargo a las partidas espec\u00edficas de la Jurisdicci\u00f3n 50 (Ministerio de Econom\u00eda).<\/p>\n\n\n\n<p><strong>VII. Significaci\u00f3n institucional<\/strong><\/p>\n\n\n\n<p>El Decreto 284\/2026 marca un hito en la implementaci\u00f3n de la Ley 27.442, en vigor desde 2018. Por primera vez desde la creaci\u00f3n de la ANC, sus cinco miembros son designados con acuerdo del Senado y a trav\u00e9s del mecanismo de concurso p\u00fablico que exige la ley, lo que otorga plena legitimidad institucional al organismo. La designaci\u00f3n definitiva consolida la independencia funcional de la ANC respecto del poder pol\u00edtico y afianza las garant\u00edas de inamovilidad y estabilidad en el ejercicio de sus funciones, presupuestos esenciales para el eficaz enforcement de las normas de libre competencia.<\/p>\n","protected":false},"excerpt":{"rendered":"<p>I. Objeto del decreto El Decreto 284\/2026, firmado el 27 de abril de 2026 por el Presidente Javier Milei y refrendado por el Ministro de Econom\u00eda Luis Andr\u00e9s Caputo, formaliza la designaci\u00f3n definitiva de los cinco miembros titulares de la Autoridad Nacional de la Competencia (ANC), organismo descentralizado y aut\u00e1rquico creado por la Ley de [&hellip;]<\/p>\n","protected":false},"author":3,"featured_media":0,"comment_status":"open","ping_status":"open","sticky":false,"template":"","format":"standard","meta":{"footnotes":""},"categories":[51,41],"tags":[39,40,52,42],"class_list":["post-2913","post","type-post","status-publish","format-standard","hentry","category-competition-law","category-derecho-de-la-competencia","tag-antitrust","tag-competencia","tag-competition-law-2","tag-defensa-de-la-competencia"],"_links":{"self":[{"href":"https:\/\/www.estudiotrevisan.com\/sitio\/wp-json\/wp\/v2\/posts\/2913","targetHints":{"allow":["GET"]}}],"collection":[{"href":"https:\/\/www.estudiotrevisan.com\/sitio\/wp-json\/wp\/v2\/posts"}],"about":[{"href":"https:\/\/www.estudiotrevisan.com\/sitio\/wp-json\/wp\/v2\/types\/post"}],"author":[{"embeddable":true,"href":"https:\/\/www.estudiotrevisan.com\/sitio\/wp-json\/wp\/v2\/users\/3"}],"replies":[{"embeddable":true,"href":"https:\/\/www.estudiotrevisan.com\/sitio\/wp-json\/wp\/v2\/comments?post=2913"}],"version-history":[{"count":3,"href":"https:\/\/www.estudiotrevisan.com\/sitio\/wp-json\/wp\/v2\/posts\/2913\/revisions"}],"predecessor-version":[{"id":2917,"href":"https:\/\/www.estudiotrevisan.com\/sitio\/wp-json\/wp\/v2\/posts\/2913\/revisions\/2917"}],"wp:attachment":[{"href":"https:\/\/www.estudiotrevisan.com\/sitio\/wp-json\/wp\/v2\/media?parent=2913"}],"wp:term":[{"taxonomy":"category","embeddable":true,"href":"https:\/\/www.estudiotrevisan.com\/sitio\/wp-json\/wp\/v2\/categories?post=2913"},{"taxonomy":"post_tag","embeddable":true,"href":"https:\/\/www.estudiotrevisan.com\/sitio\/wp-json\/wp\/v2\/tags?post=2913"}],"curies":[{"name":"wp","href":"https:\/\/api.w.org\/{rel}","templated":true}]}}